{"id":13799,"date":"2022-06-22T13:52:51","date_gmt":"2022-06-22T13:52:51","guid":{"rendered":"https:\/\/vanderlindenj-design.be\/?p=13799"},"modified":"2025-04-09T14:22:25","modified_gmt":"2025-04-09T14:22:25","slug":"interieur-marbre","status":"publish","type":"post","link":"https:\/\/vanderlindenj-design.be\/fr\/interieur-marbre\/","title":{"rendered":"Un marbre intemporels pour sublimer votre int\u00e9rieur"},"content":{"rendered":"\n<p><strong><strong>Quand on parle de pierre naturelle, on pense spontan\u00e9ment au marbre. Mat\u00e9riau noble et raffin\u00e9, il se distingue par sa palette de couleurs vari\u00e9e et ses veines captivantes, capables de m\u00e9tamorphoser n&rsquo;importe quel int\u00e9rieur. Que vous r\u00eaviez d&rsquo;une ambiance rustique chaleureuse ou d&rsquo;un design moderne \u00e9pur\u00e9, le marbre s&rsquo;adapte \u00e0 toutes vos envies. Explorez avec nous les multiples possibilit\u00e9s qu&rsquo;offre cette pierre d&rsquo;exception.<\/strong><\/strong><\/p>\n\n\n\n<h2 class=\"wp-block-heading\">Le Marbre : un mat\u00e9riau unique et pr\u00e9cieux<\/h2>\n\n\n\n<p>Intemporel, \u00e9l\u00e9gant et synonyme de luxe, le marbre s\u00e9duit les passionn\u00e9s de d\u00e9coration et les designers du monde entier. Cette pierre calcaire, fruit d&rsquo;un processus naturel mill\u00e9naire, acquiert au fil des si\u00e8cles ses propri\u00e9t\u00e9s techniques exceptionnelles. <strong>Chaque bloc de marbre est unique, avec son propre jeu de veines et sa palette de couleurs<\/strong> singuli\u00e8re, faisant de chaque r\u00e9alisation une \u0153uvre d&rsquo;art.<\/p>\n\n\n\n<h2 class=\"wp-block-heading\">Une palette qui s&rsquo;adapte \u00e0 chaque int\u00e9rieur<\/h2>\n\n\n\n<p>Du blanc immacul\u00e9 parcouru de d\u00e9licates marbrures grises aux teintes vibrantes de bleu ou de vert profond, la nature nous offre une diversit\u00e9 de marbres \u00e0 couper le souffle. Cette <strong>richesse de couleurs et de motifs<\/strong> vous permet de trouver la pierre id\u00e9ale pour chaque projet, en parfaite harmonie avec vos go\u00fbts et votre vision. Du plan de travail de la cuisine au rev\u00eatement de sol de la salle de bain, le marbre s&rsquo;invite partout.<a id=\"_msocom_1\"><\/a><\/p>\n\n\n\n<h2 class=\"wp-block-heading\">Entretien du marbre : pr\u00e9server sa beaut\u00e9 naturelle<\/h2>\n\n\n\n<p>Au fil des ans, le marbre acquiert une <strong>patine naturelle<\/strong> et gagne en caract\u00e8re, devenant encore plus beau. Un entretien r\u00e9gulier et adapt\u00e9 permet de pr\u00e9server son \u00e9clat et sa splendeur.<\/p>\n\n\n\n<ul class=\"wp-block-list\">\n<li class=\"has-regular-font-size\"><strong>Nettoyage quotidien :<\/strong> Utilisez un savon neutre et un chiffon doux et humide.<\/li>\n\n\n\n<li class=\"has-regular-font-size\"><strong>\u00c9vitez les produits acides <\/strong>(vinaigre, citron, etc.) et les \u00e9ponges abrasives qui peuvent rayer la surface.<\/li>\n\n\n\n<li class=\"has-regular-font-size\"><strong>Protection :<\/strong> Appliquez un produit hydrofuge (contre l&rsquo;eau) et ol\u00e9ofuge (contre l&rsquo;huile) pour prot\u00e9ger le marbre des taches et de l&rsquo;humidit\u00e9, particuli\u00e8rement dans la cuisine et la salle de bain.<\/li>\n<\/ul>\n\n\n\n<h2 class=\"wp-block-heading\">Le marbre dans la cuisine ou la salle de bains<\/h2>\n\n\n\n<p>Si vous y accordez le soin et le d\u00e9vouement ad\u00e9quats, vous pouvez parfaitement placer du marbre dans votre <a href=\"https:\/\/vanderlindenj-design.be\/fr\/cuisines\/\">cuisine<\/a> ou <a href=\"https:\/\/vanderlindenj-design.be\/fr\/sallesdebain\/\">salle de bains<\/a>, apportant une touche de raffinement et de luxe. Cette pierre naturelle est un mat\u00e9riau tendre qui vit, dont l&rsquo;aspect \u00e9voluera au fil du temps. Un <strong>entretien ad\u00e9quat<\/strong> garantit sa long\u00e9vit\u00e9.<\/p>\n\n\n\n<p>Prot\u00e9gez les plans de travail et les parois de douche avec un <strong>produit anti-taches<\/strong> sp\u00e9cifique, \u00e0 renouveler p\u00e9riodiquement. Cela prot\u00e8ge le marbre et le pr\u00e9serve pendant des ann\u00e9es. <\/p>\n\n\n\n<p>Bon \u00e0 savoir : Soyez vigilant quant aux objets coupants, car <strong>le marbre est sensible aux rayures et griffes<\/strong>.<\/p>\n\n\n\n<h2 class=\"wp-block-heading\">Le travertin : le cousin du marbre<\/h2>\n\n\n\n<p>Le <strong>travertin<\/strong> est un autre type de pierre calcaire, g\u00e9n\u00e9ralement class\u00e9 dans la famille des marbres. Il se distingue par ses nombreuses nuances chaudes de beige et de gris. Autrefois pris\u00e9 pour la construction d&rsquo;\u00e9difices embl\u00e9matiques comme le Colis\u00e9e de Rome, il est aujourd&rsquo;hui pl\u00e9biscit\u00e9 par les architectes et les d\u00e9corateurs d&rsquo;int\u00e9rieur pour une multitude d&rsquo;applications.<\/p>\n\n\n\n<h2 class=\"wp-block-heading\">Durabilit\u00e9 du marbre<\/h2>\n\n\n\n<p>Choisir le marbre, c&rsquo;est opter pour un mat\u00e9riau naturel, durable et respectueux de l&rsquo;environnement. Sa robustesse et sa long\u00e9vit\u00e9 en font un investissement p\u00e9renne, qui embellira votre int\u00e9rieur au fil des ann\u00e9es.<\/p>\n\n\n\n<p>Vous avez des questions sp\u00e9cifiques sur l&rsquo;entretien du marbre ou sur le choix de la pierre id\u00e9ale pour votre projet ? N&rsquo;h\u00e9sitez pas \u00e0 nous contacter. Nous serons ravis de vous accompagner dans votre d\u00e9marche.<\/p>\n\n\n\n<hr class=\"wp-block-separator has-alpha-channel-opacity\"\/>\n\n\n\n<div class=\"wp-block-buttons is-layout-flex wp-block-buttons-is-layout-flex\">\n<div class=\"wp-block-button is-style-outline is-style-outline--1\"><a class=\"wp-block-button__link wp-element-button\" href=\"https:\/\/vanderlindenj-design.be\/fr\/contact\/\" style=\"border-radius:0px\">Contactez-nous<\/a><\/div>\n<\/div>\n\n\n\n<p>&nbsp;<\/p>\n","protected":false},"excerpt":{"rendered":"<p>Quand on parle de pierre naturelle, on pense spontan\u00e9ment au marbre. Mat\u00e9riau noble et raffin\u00e9, il se distingue par sa palette de couleurs vari\u00e9e et ses veines captivantes, capables de m\u00e9tamorphoser n&rsquo;importe quel int\u00e9rieur. Que vous r\u00eaviez d&rsquo;une ambiance rustique chaleureuse ou d&rsquo;un design moderne \u00e9pur\u00e9, le marbre s&rsquo;adapte \u00e0 toutes vos envies. Explorez avec nous les multiples possibilit\u00e9s qu&rsquo;offre cette pierre d&rsquo;exception. Le Marbre : un mat\u00e9riau unique et pr\u00e9cieux Intemporel, \u00e9l\u00e9gant et synonyme de luxe, le marbre s\u00e9duit les passionn\u00e9s de d\u00e9coration et les designers du monde entier. Cette pierre calcaire, fruit d&rsquo;un processus naturel mill\u00e9naire, acquiert au [&hellip;]<\/p>\n","protected":false},"author":2,"featured_media":13099,"comment_status":"closed","ping_status":"closed","sticky":false,"template":"","format":"standard","meta":{"footnotes":""},"categories":[413,383],"tags":[],"class_list":["post-13799","post","type-post","status-publish","format-standard","has-post-thumbnail","hentry","category-materialen","category-non-classifiee"],"yoast_head":"<!-- This site is optimized with the Yoast SEO plugin v27.5 - https:\/\/yoast.com\/product\/yoast-seo-wordpress\/ -->\n<title>Marbre intemporel pour votre int\u00e9rieur \u2013 Vanderlinden J. Design<\/title>\n<meta name=\"description\" content=\"Le marbre apporte une touche de luxe et d&#039;\u00e9l\u00e9gance \u00e0 votre int\u00e9rieur. D\u00e9couvrez-en plus sur ce noble mat\u00e9riau et comment l&#039;entretenir gr\u00e2ce \u00e0 Vanderlinden J-Design.\" \/>\n<meta name=\"robots\" content=\"index, follow, max-snippet:-1, max-image-preview:large, max-video-preview:-1\" \/>\n<link rel=\"canonical\" href=\"https:\/\/vanderlindenj-design.be\/fr\/interieur-marbre\/\" \/>\n<meta property=\"og:locale\" content=\"fr_FR\" \/>\n<meta property=\"og:type\" content=\"article\" \/>\n<meta property=\"og:title\" content=\"Marbre intemporel pour votre int\u00e9rieur \u2013 Vanderlinden J. Design\" \/>\n<meta property=\"og:description\" content=\"Le marbre apporte une touche de luxe et d&#039;\u00e9l\u00e9gance \u00e0 votre int\u00e9rieur. D\u00e9couvrez-en plus sur ce noble mat\u00e9riau et comment l&#039;entretenir gr\u00e2ce \u00e0 Vanderlinden J-Design.\" \/>\n<meta property=\"og:url\" content=\"https:\/\/vanderlindenj-design.be\/fr\/interieur-marbre\/\" \/>\n<meta property=\"og:site_name\" content=\"Vanderlinden J. Design\" \/>\n<meta property=\"article:author\" content=\"https:\/\/www.facebook.com\/VanderlindenJDesign\" \/>\n<meta property=\"article:published_time\" content=\"2022-06-22T13:52:51+00:00\" \/>\n<meta property=\"article:modified_time\" content=\"2025-04-09T14:22:25+00:00\" \/>\n<meta property=\"og:image\" content=\"https:\/\/vanderlindenj-design.be\/wp-content\/uploads\/2022\/02\/IMG_1039.jpg\" \/>\n\t<meta property=\"og:image:width\" content=\"1620\" \/>\n\t<meta property=\"og:image:height\" content=\"1080\" \/>\n\t<meta property=\"og:image:type\" content=\"image\/jpeg\" \/>\n<meta name=\"author\" content=\"vanderlindenj\" \/>\n<meta name=\"twitter:card\" content=\"summary_large_image\" \/>\n<meta name=\"twitter:label1\" content=\"\u00c9crit par\" \/>\n\t<meta name=\"twitter:data1\" content=\"vanderlindenj\" \/>\n\t<meta name=\"twitter:label2\" content=\"Dur\u00e9e de lecture estim\u00e9e\" \/>\n\t<meta name=\"twitter:data2\" content=\"3 minutes\" \/>\n<script type=\"application\/ld+json\" class=\"yoast-schema-graph\">{\"@context\":\"https:\\\/\\\/schema.org\",\"@graph\":[{\"@type\":\"Article\",\"@id\":\"https:\\\/\\\/vanderlindenj-design.be\\\/fr\\\/interieur-marbre\\\/#article\",\"isPartOf\":{\"@id\":\"https:\\\/\\\/vanderlindenj-design.be\\\/fr\\\/interieur-marbre\\\/\"},\"author\":{\"name\":\"vanderlindenj\",\"@id\":\"https:\\\/\\\/vanderlindenj-design.be\\\/#\\\/schema\\\/person\\\/5d2de16d4e809da2d46a2c57fbce4192\"},\"headline\":\"Un marbre intemporels pour sublimer votre int\u00e9rieur\",\"datePublished\":\"2022-06-22T13:52:51+00:00\",\"dateModified\":\"2025-04-09T14:22:25+00:00\",\"mainEntityOfPage\":{\"@id\":\"https:\\\/\\\/vanderlindenj-design.be\\\/fr\\\/interieur-marbre\\\/\"},\"wordCount\":611,\"image\":{\"@id\":\"https:\\\/\\\/vanderlindenj-design.be\\\/fr\\\/interieur-marbre\\\/#primaryimage\"},\"thumbnailUrl\":\"https:\\\/\\\/vanderlindenj-design.be\\\/wp-content\\\/uploads\\\/2022\\\/02\\\/IMG_1039.jpg\",\"articleSection\":[\"Materialen\",\"Non classifi\u00e9(e)\"],\"inLanguage\":\"fr-FR\"},{\"@type\":\"WebPage\",\"@id\":\"https:\\\/\\\/vanderlindenj-design.be\\\/fr\\\/interieur-marbre\\\/\",\"url\":\"https:\\\/\\\/vanderlindenj-design.be\\\/fr\\\/interieur-marbre\\\/\",\"name\":\"Marbre intemporel pour votre int\u00e9rieur \u2013 Vanderlinden J. Design\",\"isPartOf\":{\"@id\":\"https:\\\/\\\/vanderlindenj-design.be\\\/#website\"},\"primaryImageOfPage\":{\"@id\":\"https:\\\/\\\/vanderlindenj-design.be\\\/fr\\\/interieur-marbre\\\/#primaryimage\"},\"image\":{\"@id\":\"https:\\\/\\\/vanderlindenj-design.be\\\/fr\\\/interieur-marbre\\\/#primaryimage\"},\"thumbnailUrl\":\"https:\\\/\\\/vanderlindenj-design.be\\\/wp-content\\\/uploads\\\/2022\\\/02\\\/IMG_1039.jpg\",\"datePublished\":\"2022-06-22T13:52:51+00:00\",\"dateModified\":\"2025-04-09T14:22:25+00:00\",\"author\":{\"@id\":\"https:\\\/\\\/vanderlindenj-design.be\\\/#\\\/schema\\\/person\\\/5d2de16d4e809da2d46a2c57fbce4192\"},\"description\":\"Le marbre apporte une touche de luxe et d'\u00e9l\u00e9gance \u00e0 votre int\u00e9rieur. D\u00e9couvrez-en plus sur ce noble mat\u00e9riau et comment l'entretenir gr\u00e2ce \u00e0 Vanderlinden J-Design.\",\"breadcrumb\":{\"@id\":\"https:\\\/\\\/vanderlindenj-design.be\\\/fr\\\/interieur-marbre\\\/#breadcrumb\"},\"inLanguage\":\"fr-FR\",\"potentialAction\":[{\"@type\":\"ReadAction\",\"target\":[\"https:\\\/\\\/vanderlindenj-design.be\\\/fr\\\/interieur-marbre\\\/\"]}]},{\"@type\":\"ImageObject\",\"inLanguage\":\"fr-FR\",\"@id\":\"https:\\\/\\\/vanderlindenj-design.be\\\/fr\\\/interieur-marbre\\\/#primaryimage\",\"url\":\"https:\\\/\\\/vanderlindenj-design.be\\\/wp-content\\\/uploads\\\/2022\\\/02\\\/IMG_1039.jpg\",\"contentUrl\":\"https:\\\/\\\/vanderlindenj-design.be\\\/wp-content\\\/uploads\\\/2022\\\/02\\\/IMG_1039.jpg\",\"width\":1620,\"height\":1080,\"caption\":\"natuurstenen keuken\"},{\"@type\":\"BreadcrumbList\",\"@id\":\"https:\\\/\\\/vanderlindenj-design.be\\\/fr\\\/interieur-marbre\\\/#breadcrumb\",\"itemListElement\":[{\"@type\":\"ListItem\",\"position\":1,\"name\":\"Home\",\"item\":\"https:\\\/\\\/vanderlindenj-design.be\\\/fr\\\/\"},{\"@type\":\"ListItem\",\"position\":2,\"name\":\"Un marbre intemporels pour sublimer votre int\u00e9rieur\"}]},{\"@type\":\"WebSite\",\"@id\":\"https:\\\/\\\/vanderlindenj-design.be\\\/#website\",\"url\":\"https:\\\/\\\/vanderlindenj-design.be\\\/\",\"name\":\"Vanderlinden J. Design\",\"description\":\"Steenhouwerij - taille de pierre Alsemberg\",\"potentialAction\":[{\"@type\":\"SearchAction\",\"target\":{\"@type\":\"EntryPoint\",\"urlTemplate\":\"https:\\\/\\\/vanderlindenj-design.be\\\/?s={search_term_string}\"},\"query-input\":{\"@type\":\"PropertyValueSpecification\",\"valueRequired\":true,\"valueName\":\"search_term_string\"}}],\"inLanguage\":\"fr-FR\"},{\"@type\":\"Person\",\"@id\":\"https:\\\/\\\/vanderlindenj-design.be\\\/#\\\/schema\\\/person\\\/5d2de16d4e809da2d46a2c57fbce4192\",\"name\":\"vanderlindenj\",\"sameAs\":[\"https:\\\/\\\/www.facebook.com\\\/VanderlindenJDesign\",\"https:\\\/\\\/www.linkedin.com\\\/company\\\/vanderlinden-j\\\/\"],\"url\":\"https:\\\/\\\/vanderlindenj-design.be\\\/fr\\\/author\\\/vanderlindenj\\\/\"}]}<\/script>\n<!-- \/ Yoast SEO plugin. -->","yoast_head_json":{"title":"Marbre intemporel pour votre int\u00e9rieur \u2013 Vanderlinden J. Design","description":"Le marbre apporte une touche de luxe et d'\u00e9l\u00e9gance \u00e0 votre int\u00e9rieur. D\u00e9couvrez-en plus sur ce noble mat\u00e9riau et comment l'entretenir gr\u00e2ce \u00e0 Vanderlinden J-Design.","robots":{"index":"index","follow":"follow","max-snippet":"max-snippet:-1","max-image-preview":"max-image-preview:large","max-video-preview":"max-video-preview:-1"},"canonical":"https:\/\/vanderlindenj-design.be\/fr\/interieur-marbre\/","og_locale":"fr_FR","og_type":"article","og_title":"Marbre intemporel pour votre int\u00e9rieur \u2013 Vanderlinden J. Design","og_description":"Le marbre apporte une touche de luxe et d'\u00e9l\u00e9gance \u00e0 votre int\u00e9rieur. D\u00e9couvrez-en plus sur ce noble mat\u00e9riau et comment l'entretenir gr\u00e2ce \u00e0 Vanderlinden J-Design.","og_url":"https:\/\/vanderlindenj-design.be\/fr\/interieur-marbre\/","og_site_name":"Vanderlinden J. Design","article_author":"https:\/\/www.facebook.com\/VanderlindenJDesign","article_published_time":"2022-06-22T13:52:51+00:00","article_modified_time":"2025-04-09T14:22:25+00:00","og_image":[{"width":1620,"height":1080,"url":"https:\/\/vanderlindenj-design.be\/wp-content\/uploads\/2022\/02\/IMG_1039.jpg","type":"image\/jpeg"}],"author":"vanderlindenj","twitter_card":"summary_large_image","twitter_misc":{"\u00c9crit par":"vanderlindenj","Dur\u00e9e de lecture estim\u00e9e":"3 minutes"},"schema":{"@context":"https:\/\/schema.org","@graph":[{"@type":"Article","@id":"https:\/\/vanderlindenj-design.be\/fr\/interieur-marbre\/#article","isPartOf":{"@id":"https:\/\/vanderlindenj-design.be\/fr\/interieur-marbre\/"},"author":{"name":"vanderlindenj","@id":"https:\/\/vanderlindenj-design.be\/#\/schema\/person\/5d2de16d4e809da2d46a2c57fbce4192"},"headline":"Un marbre intemporels pour sublimer votre int\u00e9rieur","datePublished":"2022-06-22T13:52:51+00:00","dateModified":"2025-04-09T14:22:25+00:00","mainEntityOfPage":{"@id":"https:\/\/vanderlindenj-design.be\/fr\/interieur-marbre\/"},"wordCount":611,"image":{"@id":"https:\/\/vanderlindenj-design.be\/fr\/interieur-marbre\/#primaryimage"},"thumbnailUrl":"https:\/\/vanderlindenj-design.be\/wp-content\/uploads\/2022\/02\/IMG_1039.jpg","articleSection":["Materialen","Non classifi\u00e9(e)"],"inLanguage":"fr-FR"},{"@type":"WebPage","@id":"https:\/\/vanderlindenj-design.be\/fr\/interieur-marbre\/","url":"https:\/\/vanderlindenj-design.be\/fr\/interieur-marbre\/","name":"Marbre intemporel pour votre int\u00e9rieur \u2013 Vanderlinden J. Design","isPartOf":{"@id":"https:\/\/vanderlindenj-design.be\/#website"},"primaryImageOfPage":{"@id":"https:\/\/vanderlindenj-design.be\/fr\/interieur-marbre\/#primaryimage"},"image":{"@id":"https:\/\/vanderlindenj-design.be\/fr\/interieur-marbre\/#primaryimage"},"thumbnailUrl":"https:\/\/vanderlindenj-design.be\/wp-content\/uploads\/2022\/02\/IMG_1039.jpg","datePublished":"2022-06-22T13:52:51+00:00","dateModified":"2025-04-09T14:22:25+00:00","author":{"@id":"https:\/\/vanderlindenj-design.be\/#\/schema\/person\/5d2de16d4e809da2d46a2c57fbce4192"},"description":"Le marbre apporte une touche de luxe et d'\u00e9l\u00e9gance \u00e0 votre int\u00e9rieur. D\u00e9couvrez-en plus sur ce noble mat\u00e9riau et comment l'entretenir gr\u00e2ce \u00e0 Vanderlinden J-Design.","breadcrumb":{"@id":"https:\/\/vanderlindenj-design.be\/fr\/interieur-marbre\/#breadcrumb"},"inLanguage":"fr-FR","potentialAction":[{"@type":"ReadAction","target":["https:\/\/vanderlindenj-design.be\/fr\/interieur-marbre\/"]}]},{"@type":"ImageObject","inLanguage":"fr-FR","@id":"https:\/\/vanderlindenj-design.be\/fr\/interieur-marbre\/#primaryimage","url":"https:\/\/vanderlindenj-design.be\/wp-content\/uploads\/2022\/02\/IMG_1039.jpg","contentUrl":"https:\/\/vanderlindenj-design.be\/wp-content\/uploads\/2022\/02\/IMG_1039.jpg","width":1620,"height":1080,"caption":"natuurstenen keuken"},{"@type":"BreadcrumbList","@id":"https:\/\/vanderlindenj-design.be\/fr\/interieur-marbre\/#breadcrumb","itemListElement":[{"@type":"ListItem","position":1,"name":"Home","item":"https:\/\/vanderlindenj-design.be\/fr\/"},{"@type":"ListItem","position":2,"name":"Un marbre intemporels pour sublimer votre int\u00e9rieur"}]},{"@type":"WebSite","@id":"https:\/\/vanderlindenj-design.be\/#website","url":"https:\/\/vanderlindenj-design.be\/","name":"Vanderlinden J. Design","description":"Steenhouwerij - taille de pierre Alsemberg","potentialAction":[{"@type":"SearchAction","target":{"@type":"EntryPoint","urlTemplate":"https:\/\/vanderlindenj-design.be\/?s={search_term_string}"},"query-input":{"@type":"PropertyValueSpecification","valueRequired":true,"valueName":"search_term_string"}}],"inLanguage":"fr-FR"},{"@type":"Person","@id":"https:\/\/vanderlindenj-design.be\/#\/schema\/person\/5d2de16d4e809da2d46a2c57fbce4192","name":"vanderlindenj","sameAs":["https:\/\/www.facebook.com\/VanderlindenJDesign","https:\/\/www.linkedin.com\/company\/vanderlinden-j\/"],"url":"https:\/\/vanderlindenj-design.be\/fr\/author\/vanderlindenj\/"}]}},"_links":{"self":[{"href":"https:\/\/vanderlindenj-design.be\/fr\/wp-json\/wp\/v2\/posts\/13799","targetHints":{"allow":["GET"]}}],"collection":[{"href":"https:\/\/vanderlindenj-design.be\/fr\/wp-json\/wp\/v2\/posts"}],"about":[{"href":"https:\/\/vanderlindenj-design.be\/fr\/wp-json\/wp\/v2\/types\/post"}],"author":[{"embeddable":true,"href":"https:\/\/vanderlindenj-design.be\/fr\/wp-json\/wp\/v2\/users\/2"}],"replies":[{"embeddable":true,"href":"https:\/\/vanderlindenj-design.be\/fr\/wp-json\/wp\/v2\/comments?post=13799"}],"version-history":[{"count":5,"href":"https:\/\/vanderlindenj-design.be\/fr\/wp-json\/wp\/v2\/posts\/13799\/revisions"}],"predecessor-version":[{"id":14388,"href":"https:\/\/vanderlindenj-design.be\/fr\/wp-json\/wp\/v2\/posts\/13799\/revisions\/14388"}],"wp:featuredmedia":[{"embeddable":true,"href":"https:\/\/vanderlindenj-design.be\/fr\/wp-json\/wp\/v2\/media\/13099"}],"wp:attachment":[{"href":"https:\/\/vanderlindenj-design.be\/fr\/wp-json\/wp\/v2\/media?parent=13799"}],"wp:term":[{"taxonomy":"category","embeddable":true,"href":"https:\/\/vanderlindenj-design.be\/fr\/wp-json\/wp\/v2\/categories?post=13799"},{"taxonomy":"post_tag","embeddable":true,"href":"https:\/\/vanderlindenj-design.be\/fr\/wp-json\/wp\/v2\/tags?post=13799"}],"curies":[{"name":"wp","href":"https:\/\/api.w.org\/{rel}","templated":true}]}}